{"id":987,"date":"2021-01-18T17:57:00","date_gmt":"2021-01-18T16:57:00","guid":{"rendered":"https:\/\/lesflousduvolant.com\/?p=987"},"modified":"2021-01-17T22:11:33","modified_gmt":"2021-01-17T21:11:33","slug":"non-la-cour-de-cassation-ne-vient-pas-dinterdire-les-autocollants-sur-les-plaques-dimmatriculation","status":"publish","type":"post","link":"https:\/\/lesflousduvolant.com\/index.php\/2021\/01\/18\/non-la-cour-de-cassation-ne-vient-pas-dinterdire-les-autocollants-sur-les-plaques-dimmatriculation\/","title":{"rendered":"Non, la Cour de Cassation ne vient pas d&rsquo;interdire les autocollants sur les plaques d&rsquo;immatriculation"},"content":{"rendered":"\n<p><strong>Les r\u00e9seaux sociaux s&rsquo;enflamment depuis quelques jours, gr\u00e2ce au m\u00e9dias. On gaspille l&rsquo;argent du contribuable pour, en plus, interdire quelque chose que tout le monde fait ! C&rsquo;est une honte ! Prenons le temps de parler plus en profondeur de cette histoire d&rsquo;autocollants.<\/strong><\/p>\n\n\n\n<p>Cela va sembler stupide, mais il faut qu&rsquo;on se penche sur comment fonctionne la justice en France. Et bon sang, ayant eu des copains en droit quand je suis arriv\u00e9 en fac, je m&rsquo;\u00e9tais jur\u00e9 de ne jamais parler de cette mati\u00e8re, je vous hais ! Mais d&rsquo;un autre c\u00f4t\u00e9, cela m&rsquo;a donn\u00e9 juste ce qu&rsquo;il faut d&rsquo;outils pour ne pas m&rsquo;enflammer comme un litre d&rsquo;essence en plein \u00e9t\u00e9. Bref, nous sommes partis pour d\u00e9monter une m\u00e9sinformation, comme nous l&rsquo;avions fait pour les <a href=\"https:\/\/lesflousduvolant.com\/index.php\/2018\/11\/03\/pneus-semi-slicks\/\" class=\"rank-math-link\">pneus semi-slicks<\/a> \u00e0 l&rsquo;\u00e9poque. En route pour un <em><a href=\"https:\/\/www.youtube.com\/user\/Durendal1\/featured\" class=\"rank-math-link\" target=\"_blank\" rel=\"noopener\">Pourquoi j&rsquo;ai raison et vous avez tort<\/a><\/em>, fa\u00e7on Les Flous du Volant.<\/p>\n\n\n\n<h2 class=\"wp-block-heading\">De quoi parle-t-on ?<\/h2>\n\n\n\n<p>Bon, d\u00e9j\u00e0, on va commencer par tirer notre chapeau pour la r\u00e9activit\u00e9 des m\u00e9dias. Le premier article qui en parle date du 11 janvier, pour un <a href=\"https:\/\/www.doctrine.fr\/d\/CASS\/2020\/JURITEXT000042746651\" class=\"rank-math-link\" target=\"_blank\" rel=\"noopener\">arr\u00eat<\/a> publi\u00e9 le&#8230; 16 d\u00e9cembre. De l\u00e0 \u00e0 en d\u00e9duire que c&rsquo;\u00e9tait un article bouche-trou li\u00e9 \u00e0 une actualit\u00e9 en berne en ce d\u00e9but d&rsquo;ann\u00e9e, il n&rsquo;y a qu&rsquo;un pas, que je ne sauterai pas (m\u00eame si l&rsquo;envie est l\u00e0, croyez-moi).<\/p>\n\n\n\n<p>Cet arr\u00eat vient annuler celui rendu par la Cour d&rsquo;Appel de Paris en septembre 2018 (dont personne ne s&rsquo;\u00e9tait \u00e9mu, d&rsquo;ailleurs). Mais de quoi est-il question exactement ? Eh bien, \u00e0 proprement parler, m\u00eame pas des autocollants !<br><br>Le fond de l&rsquo;affaire est une histoire de sous, certes, puisqu&rsquo;il est question de concurrence d\u00e9loyale. Cependant, avant de taper sur l&rsquo;entreprise qui avait port\u00e9 plainte contre les fabricants d&rsquo;autocollants, penchons-nous sur le r\u00f4le de la Cour de Cassation et de l&rsquo;\u00e9tat de la loi, avant m\u00eame ce dernier jugement. Vous allez voir qu&rsquo;au final, c&rsquo;est loin d&rsquo;\u00eatre aussi tranch\u00e9 qu&rsquo;il n&rsquo;y parait.<\/p>\n\n\n\n<h2 class=\"wp-block-heading\">Le r\u00f4le de la Cour de Cassation<\/h2>\n\n\n\n<p>D\u00e9j\u00e0, on va couper dans le vif, la Cour de Cassation N&rsquo;EST PAS un organisme POLITIQUE, m**** \u00e0 la fin ! M\u00eame si on peut discuter de son \u00e9tiolement, la Constitution fran\u00e7aise est fond\u00e9e sur la s\u00e9paration des pouvoirs ex\u00e9cutif, l\u00e9gislatif et judiciaire, et la Cour de Cassation se rattache \u00e0 ce dernier. Donc non, le gouvernement, ou nos dirigeants, n&rsquo;ont rien \u00e0 y faire.<br><br>Pour ce qui est de son r\u00f4le, on va reprendre, sans modification, ce qui est disponible sur le <a href=\"https:\/\/www.courdecassation.fr\/\" class=\"rank-math-link\" target=\"_blank\" rel=\"noopener\">site de la Cour de Cassation<\/a> : <\/p>\n\n\n\n<blockquote class=\"wp-block-quote is-layout-flow wp-block-quote-is-layout-flow\"><p>La Cour de cassation ne constitue pas, apr\u00e8s les tribunaux et les cours d\u2019appel, un troisi\u00e8me degr\u00e9 de juridiction. Elle est appel\u00e9e, pour l\u2019essentiel, non \u00e0 trancher le fond, mais \u00e0 dire si, en fonction des faits qui ont \u00e9t\u00e9 souverainement appr\u00e9ci\u00e9s dans les d\u00e9cisions qui lui sont d\u00e9f\u00e9r\u00e9es, les r\u00e8gles de droit ont \u00e9t\u00e9 correctement appliqu\u00e9es. C\u2019est ce qui explique que la Cour de cassation se prononce non, \u00e0 proprement parler, sur les litiges qui ont donn\u00e9 lieu aux d\u00e9cisions qui lui sont soumises, mais sur ces d\u00e9cisions elles-m\u00eames. Elle est en r\u00e9alit\u00e9 le juge des d\u00e9cisions des juges : son r\u00f4le est de dire s\u2019ils ont fait une exacte application de la loi au regard des donn\u00e9es de fait, d\u00e9termin\u00e9es par eux seuls, de l\u2019affaire qui leur \u00e9tait soumise et des questions qui leur \u00e9taient pos\u00e9es. Ainsi chaque recours a-t-il pour objet d\u2019attaquer une d\u00e9cision de justice, \u00e0 propos de laquelle la Cour de cassation doit dire, soit qu\u2019il a \u00e9t\u00e9 fait une bonne application des r\u00e8gles de droit, soit que l\u2019application en \u00e9tait erron\u00e9e.<\/p><\/blockquote>\n\n\n\n<p>Mais&#8230; \u00e7a voudrait donc dire que la Cour de Cassation n&rsquo;a pas pouvoir \u00e0 dire si les autocollants sont l\u00e9gaux ou non ? Bien vu l&rsquo;artiste, c&rsquo;est en effet le cas, elle ne sert qu&rsquo;\u00e0 \u00e9valuer la bonne application de la loi par les tribunaux et cours d&rsquo;appel. Ce qui voudrait donc dire que la loi avait d\u00e9j\u00e0 d\u00e9fini si les autocollants \u00e9taient l\u00e9gaux ou non ? Tout juste.<\/p>\n\n\n\n<h2 class=\"wp-block-heading\">Autocollants et Code de la Route<\/h2>\n\n\n\n<p>Donc, ces autocollants, depuis quand sont-ils interdits ? D\u00e9sol\u00e9 de vous le dire, mais&#8230; avant m\u00eame la mise en place du SIV, qui date d&rsquo;avril 2009, et donc l&rsquo;apparition de cette petite bande, si chatouilleuse en ce moment.<br><br>L&rsquo;arr\u00eat de la Cour de Cassation fait un rappel au Code de la Route, plus pr\u00e9cis\u00e9ment \u00e0 l&rsquo;<a href=\"https:\/\/www.legifrance.gouv.fr\/codes\/article_lc\/LEGIARTI000042266062\/\" class=\"rank-math-link\" target=\"_blank\" rel=\"noopener\">article R317-8<\/a>. Celui-ci pr\u00e9cise \u00e0 l&rsquo;alin\u00e9a IV que :<\/p>\n\n\n\n<blockquote class=\"wp-block-quote is-layout-flow wp-block-quote-is-layout-flow\"><p>Le ministre charg\u00e9 des transports et le ministre de l&rsquo;int\u00e9rieur fixent par arr\u00eat\u00e9 les caract\u00e9ristiques et le mode de pose des plaques d&rsquo;immatriculation.<\/p><\/blockquote>\n\n\n\n<p><br>Continuons nos recherches donc, trouvons l&rsquo;arr\u00eat\u00e9 fixant les caract\u00e9ristiques d&rsquo;une plaque d&rsquo;immatriculation. Pas tr\u00e8s compliqu\u00e9, tant la Cour de Cassation que L\u00e9gifrance nous donnent en r\u00e9f\u00e9rence l&rsquo;<a href=\"https:\/\/www.legifrance.gouv.fr\/loda\/id\/LEGIARTI000020243063\/2009-07-01\/#LEGIARTI000020243063\" class=\"rank-math-link\" target=\"_blank\" rel=\"noopener\">arr\u00eat\u00e9 du 9 f\u00e9vrier 2009<\/a>. <\/p>\n\n\n\n<p>L&rsquo;article 9 parle de l&rsquo;identifiant territorial en d\u00e9tail :<\/p>\n\n\n\n<blockquote class=\"wp-block-quote is-layout-flow wp-block-quote-is-layout-flow\"><p>L&rsquo;identifiant territorial doit \u00eatre int\u00e9gr\u00e9 dans sa globalit\u00e9 \u00e0 la plaque d&rsquo;immatriculation et \u00eatre situ\u00e9 dans la partie utile de la plaque \u00e0 l&rsquo;extr\u00e9mit\u00e9 droite de celle-ci, sur fond bleu non obligatoirement r\u00e9tror\u00e9fl\u00e9chissant. Lorsque le v\u00e9hicule comporte deux plaques, l&rsquo;identifiant territorial doit \u00eatre identique sur la plaque avant et sur la plaque arri\u00e8re.<\/p><\/blockquote>\n\n\n\n<p>Il doit \u00eatre int\u00e9gr\u00e9 \u00e0 la plaque d&rsquo;immatriculation. De ce fait, effectivement, un autocollant, excusez-moi l&rsquo;expression, \u00e7a ne colle pas, justement. Mais si jamais, vous estimez qu&rsquo;il reste encore l&rsquo;ombre d&rsquo;un doute, l&rsquo;article 10 enfonce le clou :<\/p>\n\n\n\n<blockquote class=\"wp-block-quote is-layout-flow wp-block-quote-is-layout-flow\"><p>Il est interdit de modifier les plaques d&rsquo;immatriculation ou d&rsquo;y rajouter un \u00e9l\u00e9ment.<\/p><\/blockquote>\n\n\n\n<p>Bon, ben l\u00e0&#8230; Je crois qu&rsquo;il n&rsquo;y a plus rien \u00e0 ajouter. Encore que, si vous pr\u00eatez attention \u00e0 votre plaque d&rsquo;immatriculation, vous constaterez qu&rsquo;il y a un num\u00e9ro de s\u00e9rie sur votre plaque en bas \u00e0 droite, justement. Il s&rsquo;agit en fait de la r\u00e9f\u00e9rence d&rsquo;homologation de votre plaque d&rsquo;immatriculation. Un autocollant qui la recouvre est potentiellement passible d&rsquo;un refus au contr\u00f4le technique, puisqu&rsquo;il n&rsquo;est plus possible de certifier si elle est homologu\u00e9e ou non.<\/p>\n\n\n\n<p>Vous m&rsquo;excuserez, mais&#8230; Echec et mat.<\/p>\n\n\n\n<div class=\"wp-block-image\"><figure class=\"aligncenter size-large\"><img loading=\"lazy\" decoding=\"async\" width=\"498\" height=\"227\" src=\"https:\/\/i0.wp.com\/lesflousduvolant.com\/wp-content\/uploads\/2021\/01\/Endgame.gif?resize=498%2C227&#038;ssl=1\" alt=\"\" class=\"wp-image-998\" data-recalc-dims=\"1\"\/><\/figure><\/div>\n\n\n\n<p><\/p>\n\n\n\n<h2 class=\"wp-block-heading\">Mais cette histoire de gros sous ?<\/h2>\n\n\n\n<p>Oui, \u00e9videmment, c&rsquo;est une histoire de finances qui a amen\u00e9 \u00e0 la d\u00e9cision de la Cour de Cassation. Cependant, m\u00eame si en tant que consommateur, \u00e7a m&rsquo;irrite de devoir payer plus cher juste pour un \u00e9l\u00e9ment aussi n\u00e9gligeable qu&rsquo;un logo de r\u00e9gion (encore que, dans l&rsquo;absolu, je ne les ai personnellement jamais modifi\u00e9s sur mes voitures), glissons-nous un instant dans la peau d&rsquo;un fabricant de plaque d&rsquo;immatriculation (qui ne sont pas forc\u00e9ment des gros entrepreneurs non plus, hein).<br><br>Vous vous cassez les noisettes \u00e0 respecter la r\u00e9glementation \u00e0 la lettre, avec les couts de production et de vente que cela impose. Face \u00e0 vous, un gusse muni d&rsquo;une imprimante qui va bien, avec des planches \u00e0 autocollants (c&rsquo;est caricatural, j&rsquo;en conviens, mais globalement, n&rsquo;importe quel imprimeur peut allouer du temps, pour un cout de production ridiculement bas) d\u00e9cide se mettre \u00e0 vendre un produit, non homologu\u00e9, \u00e0 un prix franchement plus bas, sur lequel vous ne pourrez jamais vous aligner. Vous voudriez prot\u00e9ger votre gagne pain, non ? Je vous le donne en mille, Emile, c&rsquo;est exactement ce qui s&rsquo;est pass\u00e9. Et je me vois mal donner tort \u00e0 l&rsquo;entreprise qui a d\u00e9pos\u00e9 plainte, m\u00eame si mon portefeuille n&rsquo;est pas d&rsquo;accord.<br><br>Cela rentre, juridiquement, dans le cadre de la concurrence d\u00e9loyale, et c&rsquo;est de \u00e7a dont il \u00e9tait question dans le jugement, d\u00e8s le d\u00e9but. La seule chose qui est arriv\u00e9e entre 2018 et aujourd&rsquo;hui, c&rsquo;est que la Cour de Cassation a cass\u00e9 l&rsquo;arr\u00eat de la Cour d&rsquo;Appel de Paris, qui avait estim\u00e9 que cela ne constituait pas un cas de concurrence d\u00e9loyale. <br><br>Du coup, \u00e0 ceux qui accusaient les vendeurs de plaque d&rsquo;immatriculation de les prendre pour des pigeons, je demanderai ceci : qui vous a vraiment pris pour des pigeons dans cette affaire ? Celui qui vous vend un produit, certes cher mais legal, pour lequel vous h\u00e9siterez avant d&rsquo;acheter, ou celui qui vaut trois fois rien, que vous avez achet\u00e9 sans r\u00e9fl\u00e9chir, mais ill\u00e9gal ? La question elle est vite r\u00e9pondue, pour reprendre la formule consacr\u00e9e.<\/p>\n\n\n\n<p><\/p>\n\n\n\n<p><\/p>\n\n\n\n<p><\/p>\n\n\n\n<p>En r\u00e9sum\u00e9, non, la Cour de Cassation ne vient pas de nous sortir un artifice de son chapeau. Les autocollants n&rsquo;ont jamais \u00e9t\u00e9 l\u00e9gaux sur nos plaques d&rsquo;immatriculations hexagonales. Malheureusement, la d\u00e9cision risque d&rsquo;amener quelques \u00e9l\u00e9ments z\u00e9l\u00e9s de la mar\u00e9chauss\u00e9e \u00e0 verbaliser un sujet de plus. Il pourra vous en couter 135 euros d&rsquo;amende, pour de simples autocollants. Est-ce que cela en vaut vraiment la peine ? Au final, m\u00eame si les <a href=\"https:\/\/lesflousduvolant.com\/index.php\/2020\/04\/10\/secret-plaques-anglaises\/\" class=\"rank-math-link\">plaques anglaises<\/a> me filent la migraine, leur nudit\u00e9 \u00e9vite ce genre de quiproquos.<\/p>\n\n\n\n<p>Cr\u00e9dits Photo : Gilles ROLLE\/REA, REA via <a href=\"https:\/\/www.largus.fr\/\" class=\"rank-math-link\" target=\"_blank\" rel=\"noopener\">l&rsquo;Argus<\/a><\/p>\n","protected":false},"excerpt":{"rendered":"<p>Les r\u00e9seaux sociaux s&rsquo;enflamment depuis quelques jours, gr\u00e2ce au m\u00e9dias. On gaspille l&rsquo;argent du contribuable pour, en plus, interdire quelque<\/p>\n","protected":false},"author":1,"featured_media":1001,"comment_status":"open","ping_status":"open","sticky":false,"template":"","format":"standard","meta":{"spay_email":"","footnotes":"","jetpack_publicize_message":"Les r\u00e9seaux sociaux nous ont pouss\u00e9 \u00e0 ingurgiter un arr\u00eat de Cour de Cassation avant le petit d\u00e9jeuner, c'est inhumain. Cependant, voici notre compr\u00e9hension de cette histoire d'autocollants.\n#lesflousduvolant","jetpack_is_tweetstorm":false,"jetpack_publicize_feature_enabled":true},"categories":[8],"tags":[193,194],"class_list":["post-987","post","type-post","status-publish","format-standard","has-post-thumbnail","hentry","category-actualites","tag-autocollants","tag-plaque-dimmatriculation"],"jetpack_featured_media_url":"https:\/\/i0.wp.com\/lesflousduvolant.com\/wp-content\/uploads\/2021\/01\/plaque-immatriculation.jpg?fit=1280%2C853&ssl=1","jetpack_publicize_connections":[],"jetpack_sharing_enabled":true,"jetpack_shortlink":"https:\/\/wp.me\/p9eu5e-fV","jetpack_likes_enabled":true,"_links":{"self":[{"href":"https:\/\/lesflousduvolant.com\/index.php\/wp-json\/wp\/v2\/posts\/987","targetHints":{"allow":["GET"]}}],"collection":[{"href":"https:\/\/lesflousduvolant.com\/index.php\/wp-json\/wp\/v2\/posts"}],"about":[{"href":"https:\/\/lesflousduvolant.com\/index.php\/wp-json\/wp\/v2\/types\/post"}],"author":[{"embeddable":true,"href":"https:\/\/lesflousduvolant.com\/index.php\/wp-json\/wp\/v2\/users\/1"}],"replies":[{"embeddable":true,"href":"https:\/\/lesflousduvolant.com\/index.php\/wp-json\/wp\/v2\/comments?post=987"}],"version-history":[{"count":20,"href":"https:\/\/lesflousduvolant.com\/index.php\/wp-json\/wp\/v2\/posts\/987\/revisions"}],"predecessor-version":[{"id":1016,"href":"https:\/\/lesflousduvolant.com\/index.php\/wp-json\/wp\/v2\/posts\/987\/revisions\/1016"}],"wp:featuredmedia":[{"embeddable":true,"href":"https:\/\/lesflousduvolant.com\/index.php\/wp-json\/wp\/v2\/media\/1001"}],"wp:attachment":[{"href":"https:\/\/lesflousduvolant.com\/index.php\/wp-json\/wp\/v2\/media?parent=987"}],"wp:term":[{"taxonomy":"category","embeddable":true,"href":"https:\/\/lesflousduvolant.com\/index.php\/wp-json\/wp\/v2\/categories?post=987"},{"taxonomy":"post_tag","embeddable":true,"href":"https:\/\/lesflousduvolant.com\/index.php\/wp-json\/wp\/v2\/tags?post=987"}],"curies":[{"name":"wp","href":"https:\/\/api.w.org\/{rel}","templated":true}]}}