{"id":545,"date":"2018-07-18T17:10:24","date_gmt":"2018-07-18T15:10:24","guid":{"rendered":"http:\/\/lesflousduvolant.com\/?p=545"},"modified":"2018-07-17T23:38:51","modified_gmt":"2018-07-17T21:38:51","slug":"limitation-a-80-km-h-un-changement-a-deux-vitesses","status":"publish","type":"post","link":"https:\/\/lesflousduvolant.com\/index.php\/2018\/07\/18\/limitation-a-80-km-h-un-changement-a-deux-vitesses\/","title":{"rendered":"Limitation \u00e0 80 km\/h : un changement \u00e0 deux vitesses ?"},"content":{"rendered":"<p><strong>Hasard de calendrier, mon s\u00e9jour en France \u00e9tait r\u00e9serv\u00e9 pour la premi\u00e8re semaine de juillet, bien avant l&rsquo;annonce du changement de limitation \u00e0 80 km\/h. Sans revenir sur pourquoi ce changement me semble incoh\u00e9rent (lire aussi <a href=\"http:\/\/lesflousduvolant.com\/index.php\/2018\/03\/16\/limitation-80-km-h-quand-letat-semmele\/\">Limitation \u00e0 80 km\/h : quand l\u2019\u00c9tat s\u2019emm\u00eale<\/a>), voici un retour d&rsquo;exp\u00e9rience sur 1500 km.<\/strong><\/p>\n<p>J&rsquo;avoue que je n&rsquo;en menais pas large lors de mon d\u00e9barquement \u00e0 l&rsquo;a\u00e9roport de Bordeaux. Entre le changement de c\u00f4t\u00e9 de circulation (lire aussi : <a href=\"http:\/\/lesflousduvolant.com\/index.php\/2017\/12\/16\/anglais-roulent-mauvais-cote\/\">Les Anglais roulent-ils du mauvais c\u00f4t\u00e9?<\/a>), de v\u00e9hicule (retour au Grand Cherokee, automatique, lire aussi : <a href=\"http:\/\/lesflousduvolant.com\/index.php\/2018\/05\/27\/les-chignoles-du-taulier-on-sort-le-bizarre\/\">les chignoles du taulier<\/a>) et le changement de limitation de vitesse, difficile d&rsquo;\u00eatre \u00e0 l&rsquo;aise ! Pourtant apr\u00e8s une semaine dans l&rsquo;hexagone, avec un long p\u00e9riple allant globalement de Bordeaux au Mans, aller-retour, par nationale, un constat \u00e9trange s&rsquo;impose.<\/p>\n<h2>Les toutes petites routes, celles pour lesquelles la limitation \u00e0 80 km\/h ne change rien<\/h2>\n<p>Il faut bien l&rsquo;avouer, autour du village perdu au fin fond de la Charente o\u00f9 r\u00e9sident mes parents, le changement de vitesse maximale autoris\u00e9 a un impact mineur. Les routes sont tellement \u00e9troites, avec une visibilit\u00e9 catastrophique que les autochtones en ont m\u00eame tendance \u00e0 rouler au milieu de la route. Honn\u00eatement, atteindre 80 km\/h rel\u00e8ve du miracle, alors 90&#8230; La limitation \u00e0 80 km\/h semble alors une simple modification sans grand impact, tant en terme de temps, que de consommation que de s\u00e9curit\u00e9.<\/p>\n<h2>Les \u00ab\u00a0grands axes\u00a0\u00bb secondaires, \u00e7a risque de marcher&#8230;<\/h2>\n<p>&#8230; Mais pas pour les raisons annonc\u00e9es. Je passais mon week-end au Mans Classic, que <a href=\"http:\/\/newsdanciennes.com\" target=\"_blank\" rel=\"noopener\">News d&rsquo;Anciennes<\/a> couvrait presque H24 pendant trois jours. C&rsquo;\u00e9tait l&rsquo;occasion de faire le test sur les grands trajets, avec en plus un itin\u00e9raire que je connais bien (c&rsquo;\u00e9tait la route des vacances de ma jeunesse, et j&rsquo;y suis repass\u00e9 assez r\u00e9guli\u00e8rement en grandissant).<\/p>\n<p>Le constat est accablant. Je n&rsquo;ai pas conduit pendant plus de 200 km, utilisant juste mes doigts pour ajuster la vitesse du r\u00e9gulateur (pour 10 km\/h, m\u00eame plus la peine de s\u2019emb\u00eater \u00e0 bouger les jambes). Pis encore, la route \u00e9tait absolument d\u00e9serte ! J&rsquo;entends bien qu&rsquo;il ne s&rsquo;agit pas des derniers tron\u00e7ons de route nationale, mais tout de m\u00eame, pas plus de 60 v\u00e9hicules entre la sortie de Poitiers et l&rsquo;entr\u00e9e d&rsquo;Arnage, \u00e7a semble bien peu. Le r\u00e9seau secondaire semble d\u00e9finitivement d\u00e9sert\u00e9, ce qui m\u00e9caniquement engendrera moins de morts sur ces routes.<\/p>\n<p>Quant au temps de trajet \u00e0 peine rallong\u00e9 qu&rsquo;on nous vante tant&#8230; En th\u00e9orie, j&rsquo;aurais d\u00fb rallonger mon trajet de 32 minutes, dans la pratique, c&rsquo;est une heure et demie que je me suis pris dans la vue, malgr\u00e9 des temps de pause r\u00e9duits \u00e0 la portion congrue (juste 15 minutes, l\u00e0 o\u00f9 je prenais all\u00e8grement ma demi-heure \u00e0 l\u2019\u00e9poque).<\/p>\n<h2>Des comportements \u00e0 risque toujours pr\u00e9sents<\/h2>\n<p>En dehors de cette vision un peu manich\u00e9enne de cette loi, je vais \u00e9noncer une lapalissade. Ceux qui avaient un comportement \u00e0 risque \u00e0 90 l&rsquo;ont toujours autant \u00e0 80. De ce c\u00f4t\u00e9, les personnes roulant bien au-del\u00e0 de la limitation sont toujours l\u00e0, celles qui roulent 20 km\/h en dessous aussi, et les gens qui montent sur les freins \u00e0 l&rsquo;approche du radar n&rsquo;ont pas disparu.<\/p>\n<p>La seule chose qui m&rsquo;a vraiment surpris, lors des \u00ab\u00a0files\u00a0\u00bb de 3\/4 v\u00e9hicules que j&rsquo;ai pu croiser sur ce secteur, ce sont les distances de s\u00e9curit\u00e9. Pour faire simple, personne (ou presque) ne les respecte, \u00e0 croire que les gens ont tout juste retenu 13 m\u00e8tres dans la campagne de communication qui a pr\u00e9c\u00e9d\u00e9 le changement&#8230; Et contrairement \u00e0 ce que j&rsquo;ai pu lire \u00e7a et l\u00e0 sur les r\u00e9seaux sociaux, ce ne sont pas les poids lourds qui collent les automobilistes, mais bel et bien le contraire. Comme quoi, il serait parfois int\u00e9ressant de balayer devant sa porte.<\/p>\n<p>En r\u00e9sum\u00e9, comme \u00e9voqu\u00e9 dans <em>Quand l\u2019\u00c9tat s\u2019emm\u00eale<\/em>, ce n&rsquo;est pas l&rsquo;abaissement en lui-m\u00eame qui va provoquer l&rsquo;am\u00e9lioration des chiffres, mais bel et bien les \u00e9l\u00e9ments concomitants, tels que la baisse de fr\u00e9quentation, l&rsquo;augmentation du prix de l&rsquo;essence ou encore le d\u00e9ploiement des voitures radars&#8230;<\/p>\n<p>&nbsp;<\/p>\n<p><em>Cr\u00e9dit photo : Julien Sala\u00fcn &#8211; News d&rsquo;Anciennes<\/em><\/p>\n","protected":false},"excerpt":{"rendered":"<p>Hasard de calendrier, mon s\u00e9jour en France \u00e9tait r\u00e9serv\u00e9 pour la premi\u00e8re semaine de juillet, bien avant l&rsquo;annonce du changement<\/p>\n","protected":false},"author":1,"featured_media":554,"comment_status":"open","ping_status":"open","sticky":false,"template":"","format":"standard","meta":{"spay_email":"","footnotes":"","jetpack_publicize_message":"Comme nous sommes f(l)ous, nous nous sommes faits cobayes de la nouvelle limitation de vitesse, sur un p\u00e9riple de taille convenable.\r\n#lesflousduvolant","jetpack_is_tweetstorm":false,"jetpack_publicize_feature_enabled":true},"categories":[8],"tags":[119,132,111],"class_list":["post-545","post","type-post","status-publish","format-standard","has-post-thumbnail","hentry","category-actualites","tag-80-km-h","tag-limitation-de-vitesse","tag-securite-routiere"],"jetpack_featured_media_url":"https:\/\/i0.wp.com\/lesflousduvolant.com\/wp-content\/uploads\/2018\/07\/37041457_10213435052723552_6907590838390358016_n.jpg?fit=960%2C640&ssl=1","jetpack_publicize_connections":[],"jetpack_sharing_enabled":true,"jetpack_shortlink":"https:\/\/wp.me\/p9eu5e-8N","jetpack_likes_enabled":true,"_links":{"self":[{"href":"https:\/\/lesflousduvolant.com\/index.php\/wp-json\/wp\/v2\/posts\/545","targetHints":{"allow":["GET"]}}],"collection":[{"href":"https:\/\/lesflousduvolant.com\/index.php\/wp-json\/wp\/v2\/posts"}],"about":[{"href":"https:\/\/lesflousduvolant.com\/index.php\/wp-json\/wp\/v2\/types\/post"}],"author":[{"embeddable":true,"href":"https:\/\/lesflousduvolant.com\/index.php\/wp-json\/wp\/v2\/users\/1"}],"replies":[{"embeddable":true,"href":"https:\/\/lesflousduvolant.com\/index.php\/wp-json\/wp\/v2\/comments?post=545"}],"version-history":[{"count":7,"href":"https:\/\/lesflousduvolant.com\/index.php\/wp-json\/wp\/v2\/posts\/545\/revisions"}],"predecessor-version":[{"id":556,"href":"https:\/\/lesflousduvolant.com\/index.php\/wp-json\/wp\/v2\/posts\/545\/revisions\/556"}],"wp:featuredmedia":[{"embeddable":true,"href":"https:\/\/lesflousduvolant.com\/index.php\/wp-json\/wp\/v2\/media\/554"}],"wp:attachment":[{"href":"https:\/\/lesflousduvolant.com\/index.php\/wp-json\/wp\/v2\/media?parent=545"}],"wp:term":[{"taxonomy":"category","embeddable":true,"href":"https:\/\/lesflousduvolant.com\/index.php\/wp-json\/wp\/v2\/categories?post=545"},{"taxonomy":"post_tag","embeddable":true,"href":"https:\/\/lesflousduvolant.com\/index.php\/wp-json\/wp\/v2\/tags?post=545"}],"curies":[{"name":"wp","href":"https:\/\/api.w.org\/{rel}","templated":true}]}}