{"id":35,"date":"2017-10-03T14:32:30","date_gmt":"2017-10-03T12:32:30","guid":{"rendered":"http:\/\/lesflousduvolant.com\/?p=35"},"modified":"2017-10-02T17:09:55","modified_gmt":"2017-10-02T15:09:55","slug":"et-si-la-premiere-gti-nen-etait-pas-une","status":"publish","type":"post","link":"https:\/\/lesflousduvolant.com\/index.php\/2017\/10\/03\/et-si-la-premiere-gti-nen-etait-pas-une\/","title":{"rendered":"Et si la premi\u00e8re GTI n\u2019en \u00e9tait pas une\u00a0?"},"content":{"rendered":"<p><strong>Tout le monde le sait, la premi\u00e8re GTI, c\u2019est la Golf, sortie en 1976, et sa <em>success story<\/em> n\u2019est plus \u00e0 raconter\u00a0! Sauf que\u2026<\/strong><\/p>\n<p>Sauf que, si on prend le temps de se pencher sur la question en profondeur, on se retrouve face \u00e0 quelques contradictions. Et pour le coup, on est assez loin des faits. Commen\u00e7ons par le nom \u00ab\u00a0GTI\u00a0\u00bb d\u00e9j\u00e0. La premi\u00e8re voiture \u00e0 arborer ces trois lettres, aujourd\u2019hui magiques, ne provient pas de chez VW. Pour tout dire la marque n\u2019est m\u00eame pas allemande. Direction 1960, Maserati fait \u00e9voluer sa 3500 GT, en rempla\u00e7ant la rampe de carburateurs Weber alimentant le 6 cylindres en ligne, par une injection m\u00e9canique Lucas, devenant au passage la 3500 GTi.<\/p>\n<p><img loading=\"lazy\" decoding=\"async\" class=\"size-medium wp-image-40 aligncenter\" src=\"https:\/\/i0.wp.com\/lesflousduvolant.com\/wp-content\/uploads\/2017\/10\/Maserati-3500gti-300x186.jpg?resize=300%2C186\" alt=\"\" width=\"300\" height=\"186\" srcset=\"https:\/\/i0.wp.com\/lesflousduvolant.com\/wp-content\/uploads\/2017\/10\/Maserati-3500gti.jpg?resize=300%2C186&amp;ssl=1 300w, https:\/\/i0.wp.com\/lesflousduvolant.com\/wp-content\/uploads\/2017\/10\/Maserati-3500gti.jpg?resize=768%2C477&amp;ssl=1 768w, https:\/\/i0.wp.com\/lesflousduvolant.com\/wp-content\/uploads\/2017\/10\/Maserati-3500gti.jpg?resize=1024%2C636&amp;ssl=1 1024w, https:\/\/i0.wp.com\/lesflousduvolant.com\/wp-content\/uploads\/2017\/10\/Maserati-3500gti.jpg?w=1932&amp;ssl=1 1932w, https:\/\/i0.wp.com\/lesflousduvolant.com\/wp-content\/uploads\/2017\/10\/Maserati-3500gti.jpg?w=1600&amp;ssl=1 1600w\" sizes=\"auto, (max-width: 300px) 100vw, 300px\" data-recalc-dims=\"1\" \/><\/p>\n<p>Bon, on est loin de la petite bombe \u00e0 roulettes, donc \u00e7a ne compte pas\u00a0! Admettons. Les GTI sont des compactes avec le plus gros moteur de la gamme, gonfl\u00e9 par une injection (ou dans quelques rares cas l\u2019adjonction d\u2019un turbo). Serait-ce \u00e7a, l\u2019innovation de la Golf\u00a0? Eh bien, non plus. En 1975, un autre constructeur de voitures populaires a eu cette id\u00e9e folle. Celui-ci est aussi germanique, il s\u2019appelle Opel. A des fins d\u2019homologations en comp\u00e9tition, la Kadett de troisi\u00e8me g\u00e9n\u00e9ration, r\u00e9utilise un bloc 1.9 litres h\u00e9rit\u00e9 de la g\u00e9n\u00e9ration pr\u00e9c\u00e9dente (commun \u00e0 la Rekord et la GT). Les deux carburateurs sont remplac\u00e9s par une injection Bosch, afin de r\u00e9pondre aux normes de d\u00e9pollution sur certains march\u00e9s. C\u2019est ainsi qu\u2019apparait la Kadett GT\/E (E pour <em>Einspritz<\/em>, soit Injection en allemand, voyez, on y revient).<\/p>\n<p><img loading=\"lazy\" decoding=\"async\" class=\"size-medium wp-image-41 aligncenter\" src=\"https:\/\/i0.wp.com\/lesflousduvolant.com\/wp-content\/uploads\/2017\/10\/Opel-Kadett-GTE-6-300x225.jpg?resize=300%2C225\" alt=\"\" width=\"300\" height=\"225\" srcset=\"https:\/\/i0.wp.com\/lesflousduvolant.com\/wp-content\/uploads\/2017\/10\/Opel-Kadett-GTE-6.jpg?resize=300%2C225&amp;ssl=1 300w, https:\/\/i0.wp.com\/lesflousduvolant.com\/wp-content\/uploads\/2017\/10\/Opel-Kadett-GTE-6.jpg?w=730&amp;ssl=1 730w\" sizes=\"auto, (max-width: 300px) 100vw, 300px\" data-recalc-dims=\"1\" \/><\/p>\n<p>Resterait le fait que le produit ait \u00e9t\u00e9 convenablement <em>market\u00e9<\/em> pour en faire un succ\u00e8s pour expliquer tout \u00e7a. Eh bien, l\u00e0 non plus, h\u00e9las. Volkswagen avait \u00e0 l\u2019\u00e9poque tabl\u00e9 sur 5000 exemplaires, chiffres plut\u00f4t r\u00e9alistes. La Kadett s&rsquo;\u00e9coulait \u00e0 hauteur de 2500 v\u00e9hicules par an, tabler sur 5000 \u00e9tait prendre un risque mesur\u00e9. Et il fallait le mesurer, ce risque, puisque la sortie de l&rsquo;\u00e8re tout <em>air cooled<\/em> \u00e9tait compliqu\u00e9e, et que la Golf peinait s\u00e9rieusement \u00e0 d\u00e9coller.<\/p>\n<p>Il s\u2019en vendra au final 462000, et entra\u00eenera dans son sillage tous les autres constructeurs (sauf Opel du coup) dans la production de ces compactes offrant l\u2019agr\u00e9ment et les performances d\u2019une plus grande.<\/p>\n","protected":false},"excerpt":{"rendered":"<p>Tout le monde le sait, la premi\u00e8re GTI, c\u2019est la Golf, sortie en 1976, et sa success story n\u2019est plus<\/p>\n","protected":false},"author":1,"featured_media":42,"comment_status":"open","ping_status":"open","sticky":false,"template":"","format":"standard","meta":{"spay_email":"","footnotes":"","jetpack_publicize_message":"Et si la premi\u00e8re GTI n\u2019en \u00e9tait pas une\u00a0? Petit pinaillage historique.\r\n#lesflousduvolant","jetpack_is_tweetstorm":false,"jetpack_publicize_feature_enabled":true},"categories":[2,9],"tags":[11,10,14,12,13],"class_list":["post-35","post","type-post","status-publish","format-standard","has-post-thumbnail","hentry","category-petites-grandes-histoires","category-a-bas-les-idees-recues","tag-golf-gti","tag-gti","tag-maserait-3500-gt","tag-opel-kadett","tag-opel-kadett-gte"],"jetpack_featured_media_url":"https:\/\/i0.wp.com\/lesflousduvolant.com\/wp-content\/uploads\/2017\/10\/1976-Volkswagen-Golf-GTI.jpg?fit=1200%2C654&ssl=1","jetpack_publicize_connections":[],"jetpack_sharing_enabled":true,"jetpack_shortlink":"https:\/\/wp.me\/p9eu5e-z","jetpack_likes_enabled":true,"_links":{"self":[{"href":"https:\/\/lesflousduvolant.com\/index.php\/wp-json\/wp\/v2\/posts\/35","targetHints":{"allow":["GET"]}}],"collection":[{"href":"https:\/\/lesflousduvolant.com\/index.php\/wp-json\/wp\/v2\/posts"}],"about":[{"href":"https:\/\/lesflousduvolant.com\/index.php\/wp-json\/wp\/v2\/types\/post"}],"author":[{"embeddable":true,"href":"https:\/\/lesflousduvolant.com\/index.php\/wp-json\/wp\/v2\/users\/1"}],"replies":[{"embeddable":true,"href":"https:\/\/lesflousduvolant.com\/index.php\/wp-json\/wp\/v2\/comments?post=35"}],"version-history":[{"count":5,"href":"https:\/\/lesflousduvolant.com\/index.php\/wp-json\/wp\/v2\/posts\/35\/revisions"}],"predecessor-version":[{"id":43,"href":"https:\/\/lesflousduvolant.com\/index.php\/wp-json\/wp\/v2\/posts\/35\/revisions\/43"}],"wp:featuredmedia":[{"embeddable":true,"href":"https:\/\/lesflousduvolant.com\/index.php\/wp-json\/wp\/v2\/media\/42"}],"wp:attachment":[{"href":"https:\/\/lesflousduvolant.com\/index.php\/wp-json\/wp\/v2\/media?parent=35"}],"wp:term":[{"taxonomy":"category","embeddable":true,"href":"https:\/\/lesflousduvolant.com\/index.php\/wp-json\/wp\/v2\/categories?post=35"},{"taxonomy":"post_tag","embeddable":true,"href":"https:\/\/lesflousduvolant.com\/index.php\/wp-json\/wp\/v2\/tags?post=35"}],"curies":[{"name":"wp","href":"https:\/\/api.w.org\/{rel}","templated":true}]}}