{"id":347,"date":"2017-12-17T22:00:20","date_gmt":"2017-12-17T21:00:20","guid":{"rendered":"http:\/\/lesflousduvolant.com\/?p=347"},"modified":"2017-12-17T22:00:20","modified_gmt":"2017-12-17T21:00:20","slug":"laffaire-hulot","status":"publish","type":"post","link":"https:\/\/lesflousduvolant.com\/index.php\/2017\/12\/17\/laffaire-hulot\/","title":{"rendered":"Les voitures de monsieur Hulot"},"content":{"rendered":"<p><strong>Cette information <em>absolument capitale<\/em> est tomb\u00e9e il y a peu. On connait maintenant le parc motoris\u00e9 personnel de Nicolas Hulot, notre Ministre de l&rsquo;Ecologie. Et il n&rsquo;y a pas \u00e0 dire, les m\u00e9dias se sont jet\u00e9s dessus.<\/strong><\/p>\n<p>J&rsquo;avoue \u00eatre assez perplexe face aux diff\u00e9rents articles parus sur le sujet. Monsieur Hulot est donc propri\u00e9taire de neufs v\u00e9hicules, ce qui rentrerait en contradiction avec son discours politique. Toutefois, puisque nous sommes dans les poncifs allons-y gaiement !<\/p>\n<p>Au risque de m&rsquo;attirer quelques d\u00e9tracteurs, j&rsquo;avoue que le traitement du sujet, notamment par certains confr\u00e8res, me choque. Que l&rsquo;on ne soit pas d&rsquo;accord avec les orientations prises par Nicolas Hulot est une chose absolument concevable. Moi le premier, ses derni\u00e8res d\u00e9clarations me sont plus apparues comme des v\u0153ux pieux que comme des d\u00e9cisions r\u00e9ellement applicables dans les d\u00e9lais annonc\u00e9s. Toutefois, que \u00ab\u00a0l&rsquo;information\u00a0\u00bb de son patrimoine personnel serve de base \u00e0 un travail de sape, l\u00e0, cela m&rsquo;\u00e9chappe compl\u00e8tement.<\/p>\n<p>Entendons-nous bien, ce genre de complainte, \u00e0 midi au Caf\u00e9 du Commerce, nous la faisons tous. Cependant, en tant que m\u00e9dia, a-t-elle lieu d&rsquo;\u00eatre ? A mes yeux, non.<\/p>\n<p>A-t-on besoin de tomber dans l&rsquo;attaque <em>ad hominem<\/em> lorsqu&rsquo;on se pr\u00e9tend un m\u00e9dia \u00ab\u00a0objectif\u00a0\u00bb ? La r\u00e9ponse est non, fut-ce pour un m\u00e9dia d&rsquo;opinion. On peut attaquer les id\u00e9es, les r\u00e9sultats, d\u00e9battre du bien fond\u00e9 des d\u00e9cisions, mais la personne ? C&rsquo;est s&rsquo;aventurer sur un terrain glissant, et pire encore, en s&rsquo;armant de ce genre de sophisme, c&rsquo;est tendre le baton pour se faire battre. Les r\u00e9dacteurs sp\u00e9cialis\u00e9s en automobile peuvent ils parler de v\u00e9hicules qu&rsquo;ils n&rsquo;ont pas \u00e0 titre personnel ? Peut-on parler de v\u00e9hicule \u00e9lectrique si on poss\u00e8de un v\u00e9hicule thermique (ou inversement) ? Chers confr\u00e8res, ne recourrez pas \u00e0 ce genre d&rsquo;arme \u00e0 double tranchant, le r\u00e9sultat final vous sera malheureusement d\u00e9favorable.<\/p>\n<p>Puisque nous sommes dans les questions rh\u00e9toriques, continuons. Nicolas Hulot poss\u00e8de donc 9 v\u00e9hicules, la belle affaire. Cependant, a-t-il huit clones les faisant circuler en permanence ? Cela poserait d&rsquo;une part un \u00e9norme probl\u00e8me de bio\u00e9thique et d&rsquo;autre part on entre dans de la pure \u00e9lucubration. La r\u00e9ponse est non bien \u00e9videmment. D&rsquo;autre part, on peut supposer assez ais\u00e9ment que les dits v\u00e9hicules ne sont pas tous stock\u00e9s au m\u00eame endroit, puisque N. Hulot est propri\u00e9taire ou copropri\u00e9taire de 5 habitations. A partir de l\u00e0, la vraie question est quel est son v\u00e9hicule principal ? D&rsquo;apr\u00e8s lui, son scooter \u00e9lectrique. Si cette affirmation est exacte, il devient difficile de le taxer de double discours.<\/p>\n<p>Je ne cherche en rien \u00e0 faire l&rsquo;apologie de Nicolas Hulot, au contraire. Je tiens seulement \u00e0 faire la part des choses. La vie politique est une mati\u00e8re que l&rsquo;on peut discuter. La vie priv\u00e9e, elle, reste, comme son nom l&rsquo;indique, priv\u00e9e, ou alors, nous, les m\u00e9dias qui essayons d&rsquo;\u00eatre s\u00e9rieux, tombons au niveau de n&rsquo;importe quel tablo\u00efd.<\/p>\n<p>&nbsp;<\/p>\n<p><em>Cr\u00e9dit photo :\u00a0LP\/Fr\u00e9d\u00e9ric DUGIT<\/em><\/p>\n","protected":false},"excerpt":{"rendered":"<p>Cette information absolument capitale est tomb\u00e9e il y a peu. On connait maintenant le parc motoris\u00e9 personnel de Nicolas Hulot,<\/p>\n","protected":false},"author":1,"featured_media":350,"comment_status":"open","ping_status":"open","sticky":false,"template":"","format":"standard","meta":{"spay_email":"","footnotes":"","jetpack_publicize_message":"Nicolas Hulot fait les choux gras de la presse \u00e0 scand... euh, pardon, sp\u00e9cialis\u00e9e.","jetpack_is_tweetstorm":false,"jetpack_publicize_feature_enabled":true},"categories":[8],"tags":[109],"class_list":["post-347","post","type-post","status-publish","format-standard","has-post-thumbnail","hentry","category-actualites","tag-nicolas-hulot"],"jetpack_featured_media_url":"https:\/\/i0.wp.com\/lesflousduvolant.com\/wp-content\/uploads\/2017\/12\/7455492_50633560-e1e6-11e7-9a47-bf3c08145785-1_1000x625.jpg?fit=1000%2C625&ssl=1","jetpack_publicize_connections":[],"jetpack_sharing_enabled":true,"jetpack_shortlink":"https:\/\/wp.me\/p9eu5e-5B","jetpack_likes_enabled":true,"_links":{"self":[{"href":"https:\/\/lesflousduvolant.com\/index.php\/wp-json\/wp\/v2\/posts\/347","targetHints":{"allow":["GET"]}}],"collection":[{"href":"https:\/\/lesflousduvolant.com\/index.php\/wp-json\/wp\/v2\/posts"}],"about":[{"href":"https:\/\/lesflousduvolant.com\/index.php\/wp-json\/wp\/v2\/types\/post"}],"author":[{"embeddable":true,"href":"https:\/\/lesflousduvolant.com\/index.php\/wp-json\/wp\/v2\/users\/1"}],"replies":[{"embeddable":true,"href":"https:\/\/lesflousduvolant.com\/index.php\/wp-json\/wp\/v2\/comments?post=347"}],"version-history":[{"count":5,"href":"https:\/\/lesflousduvolant.com\/index.php\/wp-json\/wp\/v2\/posts\/347\/revisions"}],"predecessor-version":[{"id":354,"href":"https:\/\/lesflousduvolant.com\/index.php\/wp-json\/wp\/v2\/posts\/347\/revisions\/354"}],"wp:featuredmedia":[{"embeddable":true,"href":"https:\/\/lesflousduvolant.com\/index.php\/wp-json\/wp\/v2\/media\/350"}],"wp:attachment":[{"href":"https:\/\/lesflousduvolant.com\/index.php\/wp-json\/wp\/v2\/media?parent=347"}],"wp:term":[{"taxonomy":"category","embeddable":true,"href":"https:\/\/lesflousduvolant.com\/index.php\/wp-json\/wp\/v2\/categories?post=347"},{"taxonomy":"post_tag","embeddable":true,"href":"https:\/\/lesflousduvolant.com\/index.php\/wp-json\/wp\/v2\/tags?post=347"}],"curies":[{"name":"wp","href":"https:\/\/api.w.org\/{rel}","templated":true}]}}