{"id":239,"date":"2017-11-05T22:02:22","date_gmt":"2017-11-05T21:02:22","guid":{"rendered":"http:\/\/lesflousduvolant.com\/?p=239"},"modified":"2020-04-22T01:09:20","modified_gmt":"2020-04-21T23:09:20","slug":"youngtimer-ca-veut-dire-quoi","status":"publish","type":"post","link":"https:\/\/lesflousduvolant.com\/index.php\/2017\/11\/05\/youngtimer-ca-veut-dire-quoi\/","title":{"rendered":"Youngtimer, ca veut dire quoi ?"},"content":{"rendered":"\n<div class=\"wp-block-group\"><div class=\"wp-block-group__inner-container is-layout-flow wp-block-group-is-layout-flow\">\n<p><strong>M\u00eame si personne n&rsquo;est d&rsquo;accord sur la signification exacte du mot, on y reviendra dans un instant, tout le monde est d&rsquo;accord pour dire que le mot Youngtimer se comprend de lui-m\u00eame comme jeune ancienne, sauf que&#8230;<\/strong><\/p>\n\n\n\n<p>Sauf que c&rsquo;est loin d&rsquo;\u00eatre si clair que \u00e7a dans la langue de Shakespeare. Un ami anglais qui habite pr\u00e8s de chez moi fait r\u00e9guli\u00e8rement la navette entre l&rsquo;Angleterre, o\u00f9 il travaille, et la France, o\u00f9 vit sa femme. J&rsquo;en profite pour qu&rsquo;il me ram\u00e8ne quelques magazines de temps en temps, et le dernier en date \u00e9tait justement le magazine <em>Youngtimers<\/em>. Et l\u00e0, sa question m&rsquo;a laiss\u00e9 pantois : \u00ab\u00a0<em>Ca veut dire quoi Youngtimer ? Je pense avoir saisi l&rsquo;id\u00e9e, mais \u00e7a n&rsquo;a pas de sens comme mot<\/em>\u00ab\u00a0. Il fallait donc creuser le sujet.<\/p>\n\n\n\n<h2 class=\"wp-block-heading\">Des origines&#8230; allemandes<\/h2>\n\n\n\n<p>En effet, le mot <em>youngtimer<\/em> est apparu Outre-Rhin, comme un pendant au mot <em>oldtimer<\/em>. Ce dernier est emprunt\u00e9 \u00e0 l&rsquo;anglais, o\u00f9 il sert \u00e0 qualifier les personnes \u00e2g\u00e9es ; en parlant de voitures, on parlera plus de <em>vintage<\/em> ou de <em>classic vehicle<\/em>. En allemand, <em>oldtimer<\/em> est utilis\u00e9 pour d\u00e9signer les v\u00e9hicules \u00e9ligibles collection, de plus de trente ans donc. <\/p>\n\n\n\n<p>Le mot <em>youngtimer<\/em> est apparu entre la fin des ann\u00e9es 80 et le d\u00e9but des ann\u00e9es 90 pour d\u00e9signer des v\u00e9hicules trop vieux pour \u00eatre modernes, mais pas assez pour \u00eatre \u00e9ligibles collection. En Allemagne la fronti\u00e8re reste floue sur la date \u00e0 laquelle on est assez vieux pour devenir young (ce sujet permet d&rsquo;\u00e9crire des phrases absolument antinomiques, je vous d\u00e9teste), h\u00e9sitant entre 15 et 20 ans. <\/p>\n\n\n\n<p>Toutefois avant l&rsquo;uniformisation europ\u00e9enne concernant les voitures de collection, la StVZO (<em>Stra\u00dfenverkehrs-Zulassungs-Ordnung<\/em>\u00a0, \u00e0 vos souhaits, dans la langue de Goethe, normes d&rsquo;immatriculation, dans la langue de Michel Vaillant) pr\u00e9voyait le statut officiel de youngtimer pour les v\u00e9hicules de 20 \u00e0 30 ans.<\/p>\n\n\n\n<div class=\"wp-block-image wp-image-242 size-large\"><figure class=\"aligncenter\"><img loading=\"lazy\" decoding=\"async\" width=\"800\" height=\"534\" src=\"https:\/\/i0.wp.com\/lesflousduvolant.com\/wp-content\/uploads\/2017\/11\/Tewkesbury-2017-2-1024x683.jpg?resize=800%2C534\" alt=\"\" class=\"wp-image-242\" srcset=\"https:\/\/i0.wp.com\/lesflousduvolant.com\/wp-content\/uploads\/2017\/11\/Tewkesbury-2017-2.jpg?resize=1024%2C683&amp;ssl=1 1024w, https:\/\/i0.wp.com\/lesflousduvolant.com\/wp-content\/uploads\/2017\/11\/Tewkesbury-2017-2.jpg?resize=300%2C200&amp;ssl=1 300w, https:\/\/i0.wp.com\/lesflousduvolant.com\/wp-content\/uploads\/2017\/11\/Tewkesbury-2017-2.jpg?resize=768%2C512&amp;ssl=1 768w, https:\/\/i0.wp.com\/lesflousduvolant.com\/wp-content\/uploads\/2017\/11\/Tewkesbury-2017-2.jpg?w=1600&amp;ssl=1 1600w, https:\/\/i0.wp.com\/lesflousduvolant.com\/wp-content\/uploads\/2017\/11\/Tewkesbury-2017-2.jpg?w=2400&amp;ssl=1 2400w\" sizes=\"auto, (max-width: 800px) 100vw, 800px\" data-recalc-dims=\"1\" \/><figcaption>En fonction de la d\u00e9finition de chacun, les intruses ne sont pas les m\u00eames sur cette photo.<\/figcaption><\/figure><\/div>\n\n\n\n<h2 class=\"wp-block-heading\">Le sens de Youngtimer en France<\/h2>\n\n\n\n<p>L\u00e0&#8230; on n&rsquo;est pas rendus, il n&rsquo;y a pas de d\u00e9finition officielle. De ce fait, deux \u00e9coles s&rsquo;affrontent et aucune ne veut en d\u00e9mordre. La premi\u00e8re (ni par ordre de pr\u00e9f\u00e9rence ni de popularit\u00e9, ne me pr\u00eatez pas un dessein qui n&rsquo;est pas le mien, je vous vois venir !) s&rsquo;en tient \u00e0 la \u00ab\u00a0d\u00e9finition\u00a0\u00bb que nous venons de voir, avec le m\u00eame souci de flou artistique sur \u00ab\u00a0<em>quand est-ce que \u00e7a d\u00e9marre ?<\/em>\u00ab\u00a0. <\/p>\n\n\n\n<p>Pour la seconde, ce sont des dates fixes, et l\u00e0 o\u00f9 \u00e7a se g\u00e2te, c&rsquo;est que personne n&rsquo;est d&rsquo;accord sur la p\u00e9riode couverte ! Pour certains ce sont les ann\u00e9es 70-80, pour d&rsquo;autres 80-90, pour d&rsquo;autres encore cela se limite \u00e0 une seule d\u00e9cennie parmi les trois cit\u00e9es. Sait-on jamais, y en a-t-il parmi vous qui ne consid\u00e8rent comme youngtimer que les v\u00e9hicules produits entre le 1er f\u00e9vrier 1983 \u00e0 9h47 et le 7 juillet 1984 \u00e0 22h43 ? Quitte \u00e0 \u00eatre pr\u00e9cis, allons-y gaiement, m\u00eame si cela devient contre-productif.<\/p>\n\n\n\n<h2 class=\"wp-block-heading\">Quand la presse met 5 francs dans le jukebox<\/h2>\n\n\n\n<p>Comme dans l&rsquo;Hexagone, on n&rsquo;aime pas faire simple quand on peut faire compliqu\u00e9&#8230; D&rsquo;autres se cantonnent uniquement aux mod\u00e8les sportifs entrant dans les p\u00e9riodes \u00e9voqu\u00e9es un peu plus t\u00f4t (que ce soit glissante ou fixe. Sur ce point, la presse est quelque peu responsable (mais pas coupable, pour reprendre la formule consacr\u00e9e).<\/p>\n\n\n\n<p>Lorsque l&rsquo;engouement pour les voitures trop vieilles sans l&rsquo;\u00eatre assez a commenc\u00e9 \u00e0 prendre de l&rsquo;ampleur, il y avait un filon \u00e0 creuser. Le magazine <em>Youngtimers <\/em>a \u00e9t\u00e9 pionnier sur le segment, et a offert de superbes articles.<\/p>\n\n\n\n<p>Malheureusement (toute proportion gard\u00e9e), comme tout titre de presse, il faut vendre, surtout lorsqu&rsquo;on d\u00e9marre ! Et c&rsquo;est donc sans surprise que le titre s&rsquo;est tourn\u00e9 vers les v\u00e9hicules les plus prestigieux. Il \u00e9tait effectivement plus facile, \u00e0 l&rsquo;\u00e9poque, d&rsquo;attirer le lectorat avec des <a href=\"http:\/\/lesflousduvolant.com\/index.php\/2017\/10\/03\/et-si-la-premiere-gti-nen-etait-pas-une\/\">GTI<\/a> qu&rsquo;avec un match Citro\u00ebn C15 contre Renault Express ! <\/p>\n\n\n\n<p>Les choses ont chang\u00e9 aujourd&rsquo;hui, mais certains ne jurent h\u00e9las que par ce spectre d\u00e9formant. Hors, si on suit ce principe, les populaires n&rsquo;auraient pas droit de cit\u00e9 en collection, puisqu&rsquo;elles ne peuvent acc\u00e9der \u00e0 son antichambre. Un brin restrictif, ne trouvez-vous pas ?<\/p>\n\n\n\n<figure class=\"wp-block-image size-large\"><img loading=\"lazy\" decoding=\"async\" width=\"800\" height=\"534\" src=\"https:\/\/i0.wp.com\/lesflousduvolant.com\/wp-content\/uploads\/2020\/04\/Youngtimers-1024x683.jpg?resize=800%2C534\" alt=\"\" class=\"wp-image-903\" srcset=\"https:\/\/i0.wp.com\/lesflousduvolant.com\/wp-content\/uploads\/2020\/04\/Youngtimers.jpg?resize=1024%2C683&amp;ssl=1 1024w, https:\/\/i0.wp.com\/lesflousduvolant.com\/wp-content\/uploads\/2020\/04\/Youngtimers.jpg?resize=300%2C200&amp;ssl=1 300w, https:\/\/i0.wp.com\/lesflousduvolant.com\/wp-content\/uploads\/2020\/04\/Youngtimers.jpg?resize=768%2C512&amp;ssl=1 768w, https:\/\/i0.wp.com\/lesflousduvolant.com\/wp-content\/uploads\/2020\/04\/Youngtimers.jpg?resize=1536%2C1024&amp;ssl=1 1536w, https:\/\/i0.wp.com\/lesflousduvolant.com\/wp-content\/uploads\/2020\/04\/Youngtimers.jpg?w=1728&amp;ssl=1 1728w, https:\/\/i0.wp.com\/lesflousduvolant.com\/wp-content\/uploads\/2020\/04\/Youngtimers.jpg?w=1600&amp;ssl=1 1600w\" sizes=\"auto, (max-width: 800px) 100vw, 800px\" data-recalc-dims=\"1\" \/><figcaption>En fait, le paradis, c&rsquo;est un rassemblement comme celui-ci, o\u00f9 on se fiche des \u00e9tiquettes, mais chut !<\/figcaption><\/figure>\n\n\n\n<p>Bref, chers amis, vous l&rsquo;aurez compris, en France le d\u00e9bat reste ouvert, et surtout anim\u00e9. Pour ma part, je m&rsquo;en tiens \u00e0 la version allemande, c&rsquo;est l\u00e0-bas que le mouvement a r\u00e9cup\u00e9r\u00e9 son nom, et le fait que ce soit une notion glissante reste extr\u00eamement pratique. Car vous \u00eates-vous pos\u00e9 la question de quel terme utiliser pour les v\u00e9hicules encore un peu plus r\u00e9cents ? On croise d\u00e9j\u00e0 le terme babytimer ici o\u00f9 l\u00e0, mais dans 20 ans, ce sera quoi ? f\u0153tustimer ?<\/p>\n<\/div><\/div>\n","protected":false},"excerpt":{"rendered":"<p>M\u00eame si personne n&rsquo;est d&rsquo;accord sur la signification exacte du mot, on y reviendra dans un instant, tout le monde<\/p>\n","protected":false},"author":1,"featured_media":240,"comment_status":"open","ping_status":"open","sticky":false,"template":"","format":"standard","meta":{"spay_email":"","footnotes":"","jetpack_publicize_message":"Une question \u00e0 laquelle personne n'apporte la m\u00eame r\u00e9ponse, et m\u00eame si celle que nous proposons est loin d'\u00eatre d\u00e9finitive, voici quelques bouts d'histoire et de r\u00e9flexion","jetpack_is_tweetstorm":false,"jetpack_publicize_feature_enabled":true},"categories":[2],"tags":[85],"class_list":["post-239","post","type-post","status-publish","format-standard","has-post-thumbnail","hentry","category-petites-grandes-histoires","tag-youngtimer"],"jetpack_featured_media_url":"https:\/\/i0.wp.com\/lesflousduvolant.com\/wp-content\/uploads\/2017\/11\/IMG_5782-e1509915269159.jpg?fit=2592%2C1728&ssl=1","jetpack_publicize_connections":[],"jetpack_sharing_enabled":true,"jetpack_shortlink":"https:\/\/wp.me\/p9eu5e-3R","jetpack_likes_enabled":true,"_links":{"self":[{"href":"https:\/\/lesflousduvolant.com\/index.php\/wp-json\/wp\/v2\/posts\/239","targetHints":{"allow":["GET"]}}],"collection":[{"href":"https:\/\/lesflousduvolant.com\/index.php\/wp-json\/wp\/v2\/posts"}],"about":[{"href":"https:\/\/lesflousduvolant.com\/index.php\/wp-json\/wp\/v2\/types\/post"}],"author":[{"embeddable":true,"href":"https:\/\/lesflousduvolant.com\/index.php\/wp-json\/wp\/v2\/users\/1"}],"replies":[{"embeddable":true,"href":"https:\/\/lesflousduvolant.com\/index.php\/wp-json\/wp\/v2\/comments?post=239"}],"version-history":[{"count":9,"href":"https:\/\/lesflousduvolant.com\/index.php\/wp-json\/wp\/v2\/posts\/239\/revisions"}],"predecessor-version":[{"id":906,"href":"https:\/\/lesflousduvolant.com\/index.php\/wp-json\/wp\/v2\/posts\/239\/revisions\/906"}],"wp:featuredmedia":[{"embeddable":true,"href":"https:\/\/lesflousduvolant.com\/index.php\/wp-json\/wp\/v2\/media\/240"}],"wp:attachment":[{"href":"https:\/\/lesflousduvolant.com\/index.php\/wp-json\/wp\/v2\/media?parent=239"}],"wp:term":[{"taxonomy":"category","embeddable":true,"href":"https:\/\/lesflousduvolant.com\/index.php\/wp-json\/wp\/v2\/categories?post=239"},{"taxonomy":"post_tag","embeddable":true,"href":"https:\/\/lesflousduvolant.com\/index.php\/wp-json\/wp\/v2\/tags?post=239"}],"curies":[{"name":"wp","href":"https:\/\/api.w.org\/{rel}","templated":true}]}}