{"id":1196,"date":"2022-06-29T17:32:00","date_gmt":"2022-06-29T15:32:00","guid":{"rendered":"https:\/\/lesflousduvolant.com\/?p=1196"},"modified":"2022-06-28T22:33:36","modified_gmt":"2022-06-28T20:33:36","slug":"porsche-quand-lequipe-de-nuit-deraille","status":"publish","type":"post","link":"https:\/\/lesflousduvolant.com\/index.php\/2022\/06\/29\/porsche-quand-lequipe-de-nuit-deraille\/","title":{"rendered":"Porsche, quand l&rsquo;\u00e9quipe de nuit d\u00e9raille"},"content":{"rendered":"\n<p><strong>S&rsquo;il est une marque que l&rsquo;on tend \u00e0 mettre sur un pi\u00e9destal pour son s\u00e9rieux, c&rsquo;est Porsche. Avec ses produits tant\u00f4t aust\u00e8res, tant\u00f4t exub\u00e9rants, la marque s&rsquo;est taill\u00e9e une r\u00e9putation de qualit\u00e9, voire d&rsquo;aust\u00e9rit\u00e9. Ce que je vais vous raconter dans les prochaines lignes risque de vous faire radicalement changer d&rsquo;avis.<\/strong><\/p>\n\n\n\n<p>Je ne vais pas m&rsquo;en cacher, j&rsquo;ai vu cette histoire passer sur <a href=\"https:\/\/www.stuttcars.com\/\" target=\"_blank\" rel=\"noreferrer noopener\">Stuttcars<\/a>, un site qui, vous l&rsquo;aurez devin\u00e9, est d\u00e9di\u00e9 \u00e0 Porsche. Cependant, elle est tellement truculente (\u00e0 l&rsquo;instar de <a href=\"https:\/\/lesflousduvolant.com\/index.php\/2020\/04\/20\/renault-4-revolutionne-f1\/\" target=\"_blank\" data-type=\"post\" data-id=\"877\" rel=\"noreferrer noopener\">la Renault 4 qui a r\u00e9volutionn\u00e9 la F1<\/a>) que je ne peux m&#8217;emp\u00eacher de vous la partager.<\/p>\n\n\n\n<h2 class=\"wp-block-heading\">Une Porsche 911 tout ce qu&rsquo;il y a de plus normale<\/h2>\n\n\n\n<p>En 1985, l&rsquo;australien Ken Ellaway se porte acqu\u00e9reur d&rsquo;une 911 d\u00e9livr\u00e9e au pays des kangourous en 1977. Il s&rsquo;agit d&rsquo;une Carrera 3.0 \u00e9quip\u00e9e d&rsquo;un capot de 911 Turbo, configuration plut\u00f4t courante \u00e0 l&rsquo;\u00e9poque, tout comme le coloris vipergr\u00fcn, tellement ann\u00e9es 70. Avec 80000 kilom\u00e8tres au compteur, la voiture est tout juste rod\u00e9e, et  a encore de belles ann\u00e9es devant elle. Il en est toujours possesseur aujourd&rsquo;hui, c&rsquo;est dire \u00e0 tel point il en est tomb\u00e9 amoureux !<\/p>\n\n\n\n<div class=\"wp-block-jetpack-tiled-gallery aligncenter is-style-rectangular\"><div class=\"tiled-gallery__gallery\"><div class=\"tiled-gallery__row\"><div class=\"tiled-gallery__col\" style=\"flex-basis:100.00000%\"><figure class=\"tiled-gallery__item\"><img decoding=\"async\" srcset=\"https:\/\/i1.wp.com\/lesflousduvolant.com\/wp-content\/uploads\/2022\/06\/911-carrera-3.0-photo-ken-ellaway.jpg?strip=info&#038;w=600&#038;ssl=1 600w,https:\/\/i1.wp.com\/lesflousduvolant.com\/wp-content\/uploads\/2022\/06\/911-carrera-3.0-photo-ken-ellaway.jpg?strip=info&#038;w=864&#038;ssl=1 864w\" alt=\"\" data-height=\"452\" data-id=\"1201\" data-link=\"https:\/\/lesflousduvolant.com\/?attachment_id=1201\" data-url=\"https:\/\/lesflousduvolant.com\/wp-content\/uploads\/2022\/06\/911-carrera-3.0-photo-ken-ellaway.jpg\" data-width=\"864\" src=\"https:\/\/i1.wp.com\/lesflousduvolant.com\/wp-content\/uploads\/2022\/06\/911-carrera-3.0-photo-ken-ellaway.jpg?ssl=1\" data-amp-layout=\"responsive\"\/><\/figure><\/div><\/div><\/div><\/div>\n\n\n\n<h2 class=\"wp-block-heading\">Le d\u00e9tail qui tue<\/h2>\n\n\n\n<p>En 2015, il entreprend une restauration de fond en comble de sa voiture, et c&rsquo;est l\u00e0 que l&rsquo;histoire devient r\u00e9ellement int\u00e9ressante. La voiture passe par un d\u00e9montage complet avant d&rsquo;\u00eatre reconstruite. Alors que c&rsquo;est au tour du moteur de se faire d\u00e9monter; Ken re\u00e7oit un coup de fil de son m\u00e9canicien : \u00ab\u00a0Viens, il faut que je te montre quelque chose\u00a0\u00bb.<\/p>\n\n\n\n<p>Un peu inquiet; il se d\u00e9p\u00eache d&rsquo;aller voir ce qui se passe. Le moteur est \u00e0 nu, et une dr\u00f4le d&rsquo;inscription est visible : \u00ab\u00a0Arschloch\u00a0\u00bb. Les deux n&rsquo;ont pas la moindre id\u00e9e de la signification du mot. Ellaway appelle sa femme, qui est allemande. Elle leur explique donc que cela veut tout simplement dire \u00ab\u00a0trou du cul\u00a0\u00bb.<\/p>\n\n\n\n<div class=\"wp-block-jetpack-tiled-gallery aligncenter is-style-rectangular\"><div class=\"tiled-gallery__gallery\"><div class=\"tiled-gallery__row\"><div class=\"tiled-gallery__col\" style=\"flex-basis:100.00000%\"><figure class=\"tiled-gallery__item\"><img decoding=\"async\" srcset=\"https:\/\/i2.wp.com\/lesflousduvolant.com\/wp-content\/uploads\/2022\/06\/911-carrera-3.0-arschloch-photo-ken-ellaway.jpg?strip=info&#038;w=600&#038;ssl=1 600w,https:\/\/i2.wp.com\/lesflousduvolant.com\/wp-content\/uploads\/2022\/06\/911-carrera-3.0-arschloch-photo-ken-ellaway.jpg?strip=info&#038;w=864&#038;ssl=1 864w\" alt=\"\" data-height=\"452\" data-id=\"1202\" data-link=\"https:\/\/lesflousduvolant.com\/?attachment_id=1202\" data-url=\"https:\/\/lesflousduvolant.com\/wp-content\/uploads\/2022\/06\/911-carrera-3.0-arschloch-photo-ken-ellaway.jpg\" data-width=\"864\" src=\"https:\/\/i2.wp.com\/lesflousduvolant.com\/wp-content\/uploads\/2022\/06\/911-carrera-3.0-arschloch-photo-ken-ellaway.jpg?ssl=1\" data-amp-layout=\"responsive\"\/><\/figure><\/div><\/div><\/div><\/div>\n\n\n\n<p>L&rsquo;ann\u00e9e suivante, il d\u00e9cide d&rsquo;aller visiter le mus\u00e9e Porsche de Stuttgart. Tout se passe agr\u00e9ablement bien, et pour meubler la conversation, le guide demande au groupe  s&rsquo;ils ont des anecdotes \u00e0 raconter. Ken raconte donc sa trouvaille, et la r\u00e9ponse du guide est pour le moins inattendue : cela faisait des d\u00e9cennies qu&rsquo;ils soup\u00e7onnaient l&rsquo;existence de ce genre d&rsquo;enfantillages de la part de l&rsquo;\u00e9quipe de nuit, mais il n&rsquo;en avaient jusqu&rsquo;alors jamais trouv\u00e9 la preuve.<\/p>\n\n\n\n<p><em>Cr\u00e9dits photo : Les Flous du Volant, Ken Ellaway<\/em><\/p>\n","protected":false},"excerpt":{"rendered":"<p>S&rsquo;il est une marque que l&rsquo;on tend \u00e0 mettre sur un pi\u00e9destal pour son s\u00e9rieux, c&rsquo;est Porsche. Avec ses produits<\/p>\n","protected":false},"author":1,"featured_media":1200,"comment_status":"open","ping_status":"open","sticky":false,"template":"","format":"standard","meta":{"spay_email":"","footnotes":"","jetpack_publicize_message":"Chez Porsche, les ouvriers sont bien plus d\u00e9brid\u00e9s qu'on ne pourrait le croire !","jetpack_is_tweetstorm":false,"jetpack_publicize_feature_enabled":true},"categories":[83,2],"tags":[],"class_list":["post-1196","post","type-post","status-publish","format-standard","has-post-thumbnail","hentry","category-allemagne","category-petites-grandes-histoires"],"jetpack_featured_media_url":"https:\/\/i0.wp.com\/lesflousduvolant.com\/wp-content\/uploads\/2022\/06\/Festival-Of-Speed-2022-218.jpg?fit=1500%2C1000&ssl=1","jetpack_publicize_connections":[],"jetpack_sharing_enabled":true,"jetpack_shortlink":"https:\/\/wp.me\/p9eu5e-ji","jetpack_likes_enabled":true,"_links":{"self":[{"href":"https:\/\/lesflousduvolant.com\/index.php\/wp-json\/wp\/v2\/posts\/1196","targetHints":{"allow":["GET"]}}],"collection":[{"href":"https:\/\/lesflousduvolant.com\/index.php\/wp-json\/wp\/v2\/posts"}],"about":[{"href":"https:\/\/lesflousduvolant.com\/index.php\/wp-json\/wp\/v2\/types\/post"}],"author":[{"embeddable":true,"href":"https:\/\/lesflousduvolant.com\/index.php\/wp-json\/wp\/v2\/users\/1"}],"replies":[{"embeddable":true,"href":"https:\/\/lesflousduvolant.com\/index.php\/wp-json\/wp\/v2\/comments?post=1196"}],"version-history":[{"count":8,"href":"https:\/\/lesflousduvolant.com\/index.php\/wp-json\/wp\/v2\/posts\/1196\/revisions"}],"predecessor-version":[{"id":1208,"href":"https:\/\/lesflousduvolant.com\/index.php\/wp-json\/wp\/v2\/posts\/1196\/revisions\/1208"}],"wp:featuredmedia":[{"embeddable":true,"href":"https:\/\/lesflousduvolant.com\/index.php\/wp-json\/wp\/v2\/media\/1200"}],"wp:attachment":[{"href":"https:\/\/lesflousduvolant.com\/index.php\/wp-json\/wp\/v2\/media?parent=1196"}],"wp:term":[{"taxonomy":"category","embeddable":true,"href":"https:\/\/lesflousduvolant.com\/index.php\/wp-json\/wp\/v2\/categories?post=1196"},{"taxonomy":"post_tag","embeddable":true,"href":"https:\/\/lesflousduvolant.com\/index.php\/wp-json\/wp\/v2\/tags?post=1196"}],"curies":[{"name":"wp","href":"https:\/\/api.w.org\/{rel}","templated":true}]}}